{"id":6,"date":"2014-09-01T15:43:58","date_gmt":"2014-09-01T13:43:58","guid":{"rendered":"https:\/\/fermo.webdiocesi.it\/centrosanrocco\/2014\/09\/01\/finalita-del-centro-san-rocco\/"},"modified":"2025-12-12T10:08:03","modified_gmt":"2025-12-12T09:08:03","slug":"finalita-del-centro-san-rocco","status":"publish","type":"post","link":"https:\/\/www.fermodiocesi.it\/centrosanrocco\/finalita-del-centro-san-rocco\/","title":{"rendered":"Finalit\u00e0 del Centro San Rocco"},"content":{"rendered":"<h2 class=\"titolo_blocco\"><strong style=\"text-align: justify; font-size: 16px;\">Chi siamo<\/strong><\/h2>\n<div class=\"blocco_testo\">\n<p style=\"text-align: justify;\">Il Centro Culturale San Rocco \u00e8 un luogo di animazione culturale della diocesi di Fermo. Voluto dal vescovo mons. Luigi Conti, si trova in Piazza del Popolo a Fermo, lungo il loggiato di San Rocco, e ha proprio nella chiesa dedicata a San Rocco il suo punto di riferimento e incontro.<\/p>\n<p style=\"text-align: justify;\">Il Centro si propone di essere uno strumento di elaborazione culturale di ispirazione cristiana a servizio di tutti. \u00c8 il sagrato del significato, il luogo d\u2019incontro tra l\u2019esperienza di fede e la vita, tra il servizio alla chiesa e il servizio alla societ\u00e0, tra la teologia e la scienza. Sul loggiato di San Rocco, pellegrino guaritore dei malti di peste, abita il dialogo tra la chiesa e la piazza, riparo da peste e tempeste, rifugio sicuro ai cercatori di senso, agli appestati di ogni morbo. La ricerca, l\u2019ascolto e il discernimento dei segni dei tempi sono gli strumenti con cui il Centro si prende cura della propria vocazione all\u2019incontro e al dialogo culturale, nella prospettiva multiculturale che solo la protezione di un santo viaggiatore sa donare.<\/p>\n<p style=\"text-align: justify;\">Il Centro propone letture di testi e contesti aperte ad ogni ascolto. Struttura le sua attivit\u00e0 nel campo della formazione di un laicato maturo e consapevole della propria laicit\u00e0, sia nella chiesa che nella societ\u00e0. Promuove e valorizza la rete allargata delle molte conoscenze, competenze e ricchezze disseminate sul territorio, attraverso la stretta collaborazione con tutte le realt\u00e0 della Diocesi (Uffici, Parrocchie e Vicarie, Associazioni, Radio e Voce delle Marche) e con quelle presenti nell\u2019intero territorio fermano.<\/p>\n<p style=\"text-align: justify;\">\n<p style=\"text-align: justify;\"><span style=\"text-decoration: underline;\"><strong>Le nostre prime attivit\u00e0:<\/strong><\/span><\/p>\n<p style=\"text-align: justify;\">\n<p style=\"text-align: justify;\"><strong>PERCORSI DELLA FEDE<\/strong><\/p>\n<p style=\"text-align: justify;\"><em>Letture della Bibbia e del Corano<\/em><\/p>\n<p style=\"text-align: justify;\">\u201cLetture della Bibbia e del Corano\u201d e vuole essere la continuazione di una analoga iniziativa svolta a Fermo due anni fa dal gruppo Meic (Movimento Ecclesiale di Impegno Culturale) di Fermo. \u00c8 da tempo che si sente la necessit\u00e0 di superare il confronto tra islam e cristianesimo fondato esclusivamente sulla \u201ccultura\u201d o sulla \u201ccivilt\u00e0\u201d, confronto sterile e a volte pericoloso perch\u00e9 legittimante, nonostante l\u2019apparente dialogo, una mera visione contrapposta di stili di vita. Islam e cristianesimo sono, prima di tutto, due fedi, due cammini di spiritualit\u00e0 che provengono da una stessa complessa matrice e che su questo campo teologico, e non su altri, debbono conoscersi e dialogare. La necessit\u00e0 di ripensare e rifondare il dialogo su questo piano, che vuole essere culturale e religioso nello stesso tempo, ha rivolto l\u2019attenzione alla lettura diretta dei testi sacri. \u00c8 nella Bibbia e nel Corano, infatti, che affondano le radici delle due fedi, e \u00e8 dalla loro \u201clettura condivisa\u201d che inizia un autentico dialogo. Dall\u2019ascolto dei brani biblici e coranici ci si accorger\u00e0 delle profonde radici comuni delle due fedi, pur nella diversit\u00e0 di prospettive, e della \u201cbellezza\u201d della letteratura religiosa che, se pur letta in traduzione italiana, non perde molto della sua complessit\u00e0 storica e fecondit\u00e0 spirituale.<\/p>\n<p style=\"text-align: justify;\">\n<p style=\"text-align: justify;\"><strong>FORMAZIONE<\/strong><\/p>\n<p style=\"text-align: justify;\">Scrive il sociologo Peter Berger che \u201cnegli ultimi anni l\u2019atteggiamento dei cristiani capaci di pensare (e non solo cattolici) di fronte alla \u00absapienza\u00bb del mondo moderno \u00e8 stato [\u2026] ampiamente passivo, addirittura apatico \u2013 un \u00ableggere\u00bb piuttosto che uno \u00abscrivere\u00bb. Il Vangelo \u00e8 stato sottoposto al giudizio di questo o quel criterio terreno; raramente \u00e8 accaduto il contrario [\u2026]. Quel che <em>intendo<\/em> dire \u00e8 che c\u2019\u00e8 una posizione intermedia tra la resa \u00abprogressista\u00bb all\u2019epoca e il suo rifiuto fondamentalista. La prima \u00ablegge\u00bb <em>soltanto<\/em>, la seconda \u00abscrive\u00bb <em>soltanto<\/em>\u201d (P. Berger, <em>Una gloria remota. Aver fede nell\u2019epoca del pluralismo<\/em>, Il Mulino). I percorsi di formazione che il Centro San Rocco intende promuovere si muovono nell\u2019orizzonte di provare a fornire gli strumenti per leggere in maniera critica e consapevole la realt\u00e0 e per permettere ai laici impegnati anche d\u2019iniziare a scriverla con la penna dell\u2019elaborazione culturale di ispirazione cristiana, in uno spirito di dialogo effettivo, praticato e costruttivo. Leggere sapendo discernere e scrivere prendendosi cura: nell\u2019intreccio di queste due vocazioni nascono itinerari e occasioni di crescita reciproca e di maturazione comunitaria, che speriamo sappiano creare un\u2019alternativa alla resa progressista o al rifiuto fondamentalista dei tempi in cui siamo chiamati a vivere da cristiani.<\/p>\n<p style=\"text-align: justify;\"><strong>\u00a0<\/strong><\/p>\n<p style=\"text-align: justify;\"><strong><em>Scuola di Formazione Politica<\/em><\/strong><\/p>\n<p style=\"text-align: justify;\"><em>Incontri di <\/em><em>formazione dei Consigli pastorali parrocchiali e dei Consigli per gli affari economici<\/em><\/p>\n<p style=\"text-align: justify;\">La Costituzione Dogmatica \u00abLumen gentium\u00bb del concilio Vaticano II ha ripensato la vita della Chiesa in termini di comunione e di corresponsabilit\u00e0. Tutti i battezzati sono chiamati a contribuire, sebbene con compiti diversi, alla medesima missione ecclesiale. I Consigli Pastorali Parrocchiali sono i principali organi attraverso i quali la comunit\u00e0 credente \u00e8 chiamata a vivere e a trasmettere il Vangelo nei diversi contesti storici e culturali del tempo presente. I Consigli per gli Affari Economici hanno il compito di discernere le priorit\u00e0 della comunit\u00e0 in una gestione corresponsabile e trasparente delle risorse finanziarie. Dalla formazione dei CPP e CAE e dall\u2019esercizio del loro servizio dipende la crescita della maturit\u00e0 del laicato cristiano e della credibilit\u00e0 di tutta la Chiesa.<\/p>\n<p style=\"text-align: justify;\">Gli incontri di formazione dei CPP e CAE hanno lo scopo di mostrare la bellezza del servizio gratuito in una comunit\u00e0 viva di cui si fa parte, di motivare il senso della visione ecclesiale proposta dal Vaticano II, di coltivare la speranza di un perenne rinnovamento della Chiesa.<\/p>\n<p style=\"text-align: justify;\" align=\"center\">\u00a0<strong><br \/>\n<\/strong><\/p>\n<p style=\"text-align: justify;\" align=\"center\"><strong>Caff\u00e9 dell\u2019arte<\/strong><\/p>\n<p style=\"text-align: justify;\" align=\"center\"><strong><em>Le parole della cultura<\/em><\/strong><\/p>\n<p style=\"text-align: justify;\">Il Centro San Rocco \u00e8 un luogo di incontro dove ci si pu\u00f2 fermare a sfogliare, a leggere, ad acquistare un libro, a consultare una rivista, a scambiare un\u2019opinione.<\/p>\n<p style=\"text-align: justify;\">Mensilmente vengono allestite \u201cvetrine di libri\u201d, scelti secondo un tema: il Natale, la Pasqua, la vacanza, la scuola, o un genere: il romanzo, la poesia, i libri per bambini\u2026 La vetrina presenta anche libri inerenti le diverse iniziative culturali che il Centro organizza e le novit\u00e0 editoriali.<\/p>\n<p style=\"text-align: justify;\">\u00c8 questa la cornice stimolante e familiare in cui si tengono incontri con autori e artisti, presentazioni di libri, analisi di testi letterari e teatrali, anche selezionati sulla base delle stagioni di prosa locali, percorsi artistici volti a promuovere la conoscenza del nostro patrimonio, lezioni\u2013concerto per adulti e bambini, letture di testi della tradizione letteraria italiana e straniera con accompagnamento musicale, guide all\u2019ascolto.<\/p>\n<p style=\"text-align: justify;\">Particolarmente curato sul piano culturale il rapporto della religione con la letteratura, le arti e le scienze attraverso incontri e lezioni di studiosi dell\u2019argomento.<\/p>\n<p style=\"text-align: justify;\">\n<\/div>\n","protected":false},"excerpt":{"rendered":"<p>NULL<\/p>\n","protected":false},"author":0,"featured_media":0,"comment_status":"closed","ping_status":"closed","sticky":false,"template":"","format":"standard","meta":{"_acf_changed":false,"footnotes":""},"categories":[175,176,177,178],"tags":[],"class_list":["post-6","post","type-post","status-publish","format-standard","hentry","category-altri-siti-istituzionali","category-centro-san-rocco","category-centro-san-rocco-centro-san-rocco","category-chi-siamo"],"acf":[],"_links":{"self":[{"href":"https:\/\/www.fermodiocesi.it\/centrosanrocco\/wp-json\/wp\/v2\/posts\/6","targetHints":{"allow":["GET"]}}],"collection":[{"href":"https:\/\/www.fermodiocesi.it\/centrosanrocco\/wp-json\/wp\/v2\/posts"}],"about":[{"href":"https:\/\/www.fermodiocesi.it\/centrosanrocco\/wp-json\/wp\/v2\/types\/post"}],"author":[{"embeddable":true,"href":"https:\/\/www.fermodiocesi.it\/centrosanrocco\/wp-json\/wp\/v2\/users\/3"}],"replies":[{"embeddable":true,"href":"https:\/\/www.fermodiocesi.it\/centrosanrocco\/wp-json\/wp\/v2\/comments?post=6"}],"version-history":[{"count":1,"href":"https:\/\/www.fermodiocesi.it\/centrosanrocco\/wp-json\/wp\/v2\/posts\/6\/revisions"}],"predecessor-version":[{"id":704,"href":"https:\/\/www.fermodiocesi.it\/centrosanrocco\/wp-json\/wp\/v2\/posts\/6\/revisions\/704"}],"wp:attachment":[{"href":"https:\/\/www.fermodiocesi.it\/centrosanrocco\/wp-json\/wp\/v2\/media?parent=6"}],"wp:term":[{"taxonomy":"category","embeddable":true,"href":"https:\/\/www.fermodiocesi.it\/centrosanrocco\/wp-json\/wp\/v2\/categories?post=6"},{"taxonomy":"post_tag","embeddable":true,"href":"https:\/\/www.fermodiocesi.it\/centrosanrocco\/wp-json\/wp\/v2\/tags?post=6"}],"curies":[{"name":"wp","href":"https:\/\/api.w.org\/{rel}","templated":true}]}}