{"id":7,"date":"2014-09-01T15:45:32","date_gmt":"2014-09-01T13:45:32","guid":{"rendered":"https:\/\/fermo.webdiocesi.it\/centrosanrocco\/2014\/09\/01\/lo-statuto\/"},"modified":"2025-12-12T10:08:16","modified_gmt":"2025-12-12T09:08:16","slug":"lo-statuto","status":"publish","type":"post","link":"https:\/\/www.fermodiocesi.it\/centrosanrocco\/lo-statuto\/","title":{"rendered":"Lo Statuto"},"content":{"rendered":"<div class=\"blocco_testo\">\n<p align=\"center\"><strong>Statuto dell\u2019Associazione<\/strong><\/p>\n<p class=\"Default\" align=\"center\">\n<p class=\"Default\" align=\"center\"><strong>\u201cCENTRO CULTURALE SAN ROCCO\u201d<\/strong><\/p>\n<p>&nbsp;<\/p>\n<p>&nbsp;<\/p>\n<h1>Art. 1 &#8211; Costituzione<\/h1>\n<p>\u00e8 costituita l\u2019Associazione privata di fedeli denominata \u201cCentro Culturale San Rocco\u201d con sede in Fermo, Piazza del Popolo, n. 40.<\/p>\n<h1>Art. 2 &#8211; Finalit\u00e0<\/h1>\n<p>Il Centro Culturale San Rocco vuole essere uno strumento di promozione ed elaborazione culturale a servizio della chiesa diocesana e della societ\u00e0 fermana. Si pone come obiettivi:<\/p>\n<p>&nbsp;<\/p>\n<ul type=\"disc\">\n<li>il discernimento, l\u2019animazione e la mediazione culturale della fede cristiana con particolare attenzione all\u2019ambito civile (societ\u00e0, politica, mondo del lavoro);<\/li>\n<li>la formazione di figure laicali significative all\u2019impegno civile ed ecclesiale;<\/li>\n<li>la valorizzazione e messa in rete del notevole patrimonio culturale, artistico e spirituale presente nella Diocesi e nelle sue parrocchie.<\/li>\n<\/ul>\n<h2>Art. 3 &#8211; Soci<\/h2>\n<p>Sono soci ordinari dell\u2019Associazione tutti coloro che ne condividono l\u2019ispirazione, le finalit\u00e0 e la spiritualit\u00e0 e che chiedono di farne parte. Il Consiglio Direttivo valuter\u00e0 la richiesta di associazione deliberando l\u2019ammissione con maggioranza dei due terzi.<\/p>\n<p class=\"Default\">Sono soci straordinari i soci fondatori: Luca Alici, Luigino Alici, Enrico Brancozzi, Rossano Buccioni, Viviana De Marco, Ruffino Gobbi, Gabriele Miola, Antonio Nepi, Enrico Peroli, Guglielmina Rogante, Luca Romanelli, Francesco Sandroni e Sabrina Vallesi.<\/p>\n<h2>Art. 4 &#8211; Uscita e dimissioni dei soci<\/h2>\n<p>Chi, tra i soci ordinari e straordinari, viene meno ai principi contemplati nello statuto e\/o reca danno al buon nome dell\u2019Associazione, in rapporto alla gravit\u00e0 dell\u2019atto compiuto, pu\u00f2 essere espulso.<\/p>\n<p>L\u2019allontanamento viene deliberato, dopo aver ascoltato le ragioni dell\u2019interessato, dal Consiglio Direttivo con maggioranza dei due terzi.<\/p>\n<p>Qualora un aderente decida di lasciare l\u2019Associazione ne d\u00e0 comunicazione per iscritto al Consiglio Direttivo che formalizza le dimissioni.<\/p>\n<h3>Art. 5 &#8211; Organi dell\u2019associazione<\/h3>\n<p>Sono organi dell\u2019Associazione:<\/p>\n<p>il Presidente e il Vice-Presidente;<\/p>\n<p>il Consiglio Direttivo;<\/p>\n<p>l\u2019Assemblea.<\/p>\n<h2>Art. 6 &#8211; Il Presidente<\/h2>\n<p>Il Presidente viene eletto a maggioranza assoluta dal Consiglio Direttivo fra i componenti dello stesso. Rimane in carica cinque anni e pu\u00f2 essere rieletto.<\/p>\n<p>I suoi compiti sono:<\/p>\n<p>a) curare la corretta applicazione del presente statuto;<\/p>\n<p>b) promuovere la comunione tra tutti gli aderenti, presiedere e convocare il Consiglio Direttivo e l\u2019Assemblea e definire, con il Consiglio, iniziative e attivit\u00e0.<\/p>\n<p>c) ricevere le richieste di nuove aderenti e comunicare l\u2019allontanamento a chi viene meno ai doveri precisati dallo Statuto.<\/p>\n<p>Ha la rappresentanza legale dell\u2019Associazione, ha compiti di ordinaria amministrazione e la rappresenta di fronte all\u2019Arcivescovo.<\/p>\n<h3>Art. 7 &#8211; Il Vice-Presidente<\/h3>\n<p>Il Vice-Presidente viene eletto a maggioranza assoluta dal Consiglio Direttivo fra i componenti dello stesso. Ha il compito di sostituire il Presidente qualora questi sia assente o impedito.<\/p>\n<h2>Art. 8 &#8211; Il Consiglio Direttivo<\/h2>\n<p>Il Consiglio Direttivo \u00e8 composto dal Presidente, dal Vice-Presidente, dai soci straordinari e da uno dei soci ordinari eletto dall\u2019Assemblea.<\/p>\n<p>Spetta al Consiglio:<\/p>\n<p>a) eleggere il Presidente e il Vice-Presidente;<\/p>\n<p>b) coadiuvare il Presidente nella conduzione dell\u2019Associazione;<\/p>\n<p>c) proporre all\u2019Assemblea il programma annuale delle attivit\u00e0 e l\u2019assunzione di eventuali nuove iniziative;<\/p>\n<p>d) attuare le decisioni dell\u2019Assemblea circa le attivit\u00e0 dell\u2019Associazione;<\/p>\n<p>e) decidere l\u2019ammissione di membri, dare il benestare per la loro uscita e, in casi gravi, autorizzare, con la maggioranza dei due terzi, il Presidente a procedere al loro allontanamento;<\/p>\n<p>f) deliberare gli atti di straordinaria amministrazione;<\/p>\n<p>g) proporre le modifiche statutarie e l\u2019eventuale scioglimento dell\u2019Associazione.<\/p>\n<p>Il Consiglio Direttivo \u00e8 validamente costituito con la presenza della maggioranza assoluta degli aventi diritto e delibera validamente con il voto favorevole della maggioranza assoluta dei presenti.<\/p>\n<p>Il Consiglio Direttivo si riunisce almeno due volte all\u2019anno. \u00c8 convocato dal Presidente anche su istanza della maggioranza dei componenti del Consiglio stesso.<\/p>\n<p class=\"Default\">\n<h3>Art. 9 &#8211; L\u2019Assemblea<\/h3>\n<p>L\u2019Assemblea \u00e8 composta da tutti gli aderenti all\u2019Associazione.<\/p>\n<p>Si riunisce almeno una volta l\u2019anno, \u00e8 convocata e presieduta dal Presidente sulla base dell\u2019ordine del giorno comunicato per lettera, fax o e-mail.<\/p>\n<p>Spetta all\u2019Assemblea:<\/p>\n<p>a) nominare il membro del Consiglio Direttivo;<\/p>\n<p>b) definire le linee dell\u2019attivit\u00e0 dell\u2019Associazione, sulla base del programma e delle proposte presentate dal Consiglio Direttivo;<\/p>\n<p>c) valutare le iniziative gi\u00e0 fatte o in corso;<\/p>\n<p>d) deliberare circa le modifiche statutarie e la proposta di scioglimento dell\u2019Associazione, avanzate dal Consiglio Direttivo.<\/p>\n<p>L\u2019Assemblea \u00e8 valida con la presenza della maggioranza assoluta degli aderenti e delibera validamente con l\u2019approvazione della maggioranza assoluta dei presenti.<\/p>\n<p class=\"Default\">\n<h3>Art. 10 &#8211; L\u2019amministrazione dei beni<\/h3>\n<p>L\u2019Associazione \u201cCentro Culturale San Rocco\u201d trae le risorse economiche per le proprie attivit\u00e0 e per il proprio funzionamento:<\/p>\n<p>a) dalle quote associative e di iscrizione versate dai soci;<\/p>\n<p>b) dai contributi da privati e da altri enti e istituzioni anche pubbliche;<\/p>\n<p>c) da donazioni e lasciti testamentari;<\/p>\n<p>e) da rendite di beni mobili o immobili pervenuti all\u2019Associazione a qualunque titolo;<\/p>\n<p>f) da fondi pervenuti da raccolte pubbliche effettuate occasionalmente, anche mediante offerta di beni di modico valore;<\/p>\n<p>g) da ogni altra entrata e provento derivante dallo svolgimento delle proprie attivit\u00e0.<\/p>\n<p>I proventi delle attivit\u00e0 nonch\u00e9 eventuali avanzi di gestione o fondi di riserva non possono in nessun caso essere distribuiti tra i soci, anche in forme indirette, ma dovranno essere utilizzati per il raggiungimento dei fini istituzionali.<\/p>\n<p>L\u2019esercizio sociale ha durata annuale, dal 1 gennaio al 31 dicembre di ogni anno.<\/p>\n<p>Il Consiglio Direttivo dovr\u00e0 predisporre il rendiconto economico finanziario da sottoporre all\u2019approvazione dell\u2019Assemblea, che deve avvenire entro il 31 Dicembre di ciascun anno.<\/p>\n<p>Il rendiconto dovr\u00e0 essere depositato presso la sede sociale, dove potr\u00e0 essere liberamente visionato dai soci.<\/p>\n<p>In caso di cessazione dell\u2019Associazione i fondi raccolti, compatibilmente con le norme di legge, saranno devoluti interamente all\u2019Arcidiocesi, secondo le indicazioni date dal Consiglio Direttivo e approvate dall\u2019Arcivescovo.<\/p>\n<h2>Art. 11 &#8211; Consigliere spirituale<\/h2>\n<p>L\u2019Associazione \u201cCentro Culturale San Rocco\u201d \u00e8 assistita da un Consigliere spirituale, nominato dall\u2019Ordinario, tra i sacerdoti secolari o regolari.<\/p>\n<p>Rimane in carica cinque anni e pu\u00f2 essere riconfermato.<\/p>\n<p>Ha il compito di animare spiritualmente l\u2019associazione e di garantirne il rapporto con l\u2019Arcivescovo e le sue linee pastorali.<\/p>\n<h2>Art. 12 &#8211; Modifica<\/h2>\n<p>La modifica del presente statuto e l\u2019eventuale delibera di scioglimento dell\u2019Associazione \u00e8 di competenza, su proposta del Consiglio Direttivo, dell\u2019Assemblea, che delibera con la presenza della maggioranza assoluta degli aventi diritto e il voto favorevole dei due terzi dei presenti.<\/p>\n<p class=\"Default\">\n<h2>Art. 13 &#8211; Rimandi<\/h2>\n<p>Per quanto non previsto dal presente statuto valgono le norme del Codice di Diritto Canonico in materia di associazioni private di fedeli.<\/p>\n<\/div>\n","protected":false},"excerpt":{"rendered":"<p>NULL<\/p>\n","protected":false},"author":0,"featured_media":0,"comment_status":"closed","ping_status":"closed","sticky":false,"template":"","format":"standard","meta":{"_acf_changed":false,"footnotes":""},"categories":[175,176,177,178],"tags":[],"class_list":["post-7","post","type-post","status-publish","format-standard","hentry","category-altri-siti-istituzionali","category-centro-san-rocco","category-centro-san-rocco-centro-san-rocco","category-chi-siamo"],"acf":[],"_links":{"self":[{"href":"https:\/\/www.fermodiocesi.it\/centrosanrocco\/wp-json\/wp\/v2\/posts\/7","targetHints":{"allow":["GET"]}}],"collection":[{"href":"https:\/\/www.fermodiocesi.it\/centrosanrocco\/wp-json\/wp\/v2\/posts"}],"about":[{"href":"https:\/\/www.fermodiocesi.it\/centrosanrocco\/wp-json\/wp\/v2\/types\/post"}],"author":[{"embeddable":true,"href":"https:\/\/www.fermodiocesi.it\/centrosanrocco\/wp-json\/wp\/v2\/users\/3"}],"replies":[{"embeddable":true,"href":"https:\/\/www.fermodiocesi.it\/centrosanrocco\/wp-json\/wp\/v2\/comments?post=7"}],"version-history":[{"count":1,"href":"https:\/\/www.fermodiocesi.it\/centrosanrocco\/wp-json\/wp\/v2\/posts\/7\/revisions"}],"predecessor-version":[{"id":705,"href":"https:\/\/www.fermodiocesi.it\/centrosanrocco\/wp-json\/wp\/v2\/posts\/7\/revisions\/705"}],"wp:attachment":[{"href":"https:\/\/www.fermodiocesi.it\/centrosanrocco\/wp-json\/wp\/v2\/media?parent=7"}],"wp:term":[{"taxonomy":"category","embeddable":true,"href":"https:\/\/www.fermodiocesi.it\/centrosanrocco\/wp-json\/wp\/v2\/categories?post=7"},{"taxonomy":"post_tag","embeddable":true,"href":"https:\/\/www.fermodiocesi.it\/centrosanrocco\/wp-json\/wp\/v2\/tags?post=7"}],"curies":[{"name":"wp","href":"https:\/\/api.w.org\/{rel}","templated":true}]}}