{"id":8,"date":"2014-09-01T15:46:09","date_gmt":"2014-09-01T13:46:09","guid":{"rendered":"https:\/\/fermo.webdiocesi.it\/centrosanrocco\/2014\/09\/01\/presentazione-e-decreto-di-approvazione\/"},"modified":"2025-12-12T10:08:32","modified_gmt":"2025-12-12T09:08:32","slug":"presentazione-e-decreto-di-approvazione","status":"publish","type":"post","link":"https:\/\/www.fermodiocesi.it\/centrosanrocco\/presentazione-e-decreto-di-approvazione\/","title":{"rendered":"Presentazione e Decreto di approvazione"},"content":{"rendered":"<div class=\"blocco_testo\">\n<p style=\"text-align: right;\">Fermo, 8 gennaio 2011<\/p>\n<p>&nbsp;<\/p>\n<p style=\"text-align: justify;\">Si \u00e8 presentato oggi alla stampa il Centro San Rocco, attraverso le parole del vescovo di Fermo, Mons. Luigi Conti, e del Presidente, Enrico Peroli.<\/p>\n<p style=\"text-align: justify;\">\n<p style=\"text-align: justify;\">\u201cIpocriti, scrive Luca nel capitolo 12 \u2013 ha esordito Mons. Conti \u2013, rivolgendosi a quanti non sanno leggere i segni dei tempi. \u00c8 con questa preoccupazione che ho sognato la nascita del Centro San Rocco, affidato alla gestione di laici cattolici e alla loro capacit\u00e0 di guardare questi nostri tempi, per avviare un percorso articolato di discernimento su ci\u00f2 che accade attorno a noi; \u00e8 con questa attenzione che anche il Centro vuole intercettare il tema dell\u2019educazione, che sta alla base del messaggio dei vescovi italiani per il prossimo decennio, \u201cEducare alla vita buona del Vangelo\u201d. In particolare guardando ai giovani: da loro arriva una sete di libert\u00e0 e un bisogno di felicit\u00e0, che dobbiamo essere in grado di ascoltare e comprendere e ai quali siamo chiamati a fornire una luce per la reale comprensione. All\u2019interno della Fondazione \u201cTerzo Millennio\u201d, Il Centro San Rocco prova a dare una risposta a queste domande, vivendo la carit\u00e0 nel senso della proposta culturale, vicino ad una Chiesa che diventa diaconia della carit\u00e0 e si mette al servizio completo dell&#8217;uomo\u201d.<\/p>\n<p style=\"text-align: justify;\">\n<p style=\"text-align: justify;\">Nella sua breve ma densa riflessione iniziale, Mons. Conti \u00e8 sceso poi nel dettaglio delle prime iniziative del centro (la scuola di politica e gli incontri Islam-Cristianesimo) e della sua collocazione nel cuore della piazza di Fermo: \u201cCi sono almeno due grandi questioni che caratterizzano i nostri tempi e finiscono per avere inevitabilmente anche ricadute locali: l\u2019eclisse di Dio; l\u2019accoglienza e integrazione dei popoli. Il Centro San Rocco, gi\u00e0 dalle sue prime iniziative, ci dovr\u00e0 aiutare a prenderne coscienza, attraverso la promozione dell\u2019educazione ad una cittadinanza responsabile nel suo senso integrale. Anche la collocazione nella piazza, punto di incontro e di discussione per eccellenza, cuore vivo di ogni citt\u00e0, rivela l\u2019intenzione di coinvolgere e animare Fermo e la diocesi, come se si aggiungesse, al mercato tradizionale, una bancarella nuova, in cui promuovere idee\u201d.<\/p>\n<p style=\"text-align: justify;\">\n<p style=\"text-align: justify;\">Il Presidente Peroli si \u00e8 messo in scia dell\u2019intervento del vescovo, per poi soffermarsi nel dettaglio sulle iniziative gi\u00e0 pronte per il primo semestre del 2011: \u201cIl Centro San Rocco cercher\u00e0 di mettersi al servizio della comunit\u00e0 cittadina e provinciale, ma soprattutto diocesana, offrendosi come uno spazio aperto di confronto su temi e aspetti locali e nazionali, che oggi si intrecciano sempre pi\u00f9 e con sempre maggiore frequenza. Vorremmo che il Centro diventasse una vera e propria scuola di democrazia, in cui, in ogni manifestazione che si riuscir\u00e0 ad organizzare, si possa cogliere lo spirito e l\u2019attenzione a seminare un atteggiamento e una cultura del confronto reciproco e costruttivo. Con queste intenzioni avviamo il nostro itinerario, non a caso, con tre cicli di appuntamenti, tra loro diversi ma uniti proprio dalla vocazione al dialogo: innanzitutto la scuola diocesana di formazione all\u2019impegno sociale e politico, che intende opporre alla politica intesa come mestiere una politica concepita e vissuta come servizio (in un percorso che intende dar vita, oltre gli appuntamenti aperti a tutti, a un gruppo di persone iscritte e interessate che potranno poi vivere dei momenti seminariali insieme e di confronto con amministratori locali); in secondo luogo, nella convinzione che il contributo migliore che si possa dare all\u2019ethos della comunit\u00e0 cristiana sia quello di farsi occasione di dialogo, nascono \u201cLe letture della Bibbia e del Corano\u201d, tre incontri in cui non si parla di dialogo, ma si pratica il dialogo a partire dalla lettura dei due testi sacri e dall\u2019analisi di alcune figure che compaiono in entrambi, ancorati alla convinzione della necessit\u00e0 di imparare a comprendersi e rispettarsi per stabilire dei percorsi di cittadinanza comune; infine, nello spirito del dialogo tra le generazioni, in primavera, un ciclo di appuntamenti dedicato ai pi\u00f9 piccoli e ai loro genitori a partire dalla lettura dei testi di Gianni Rodari\u201d. Peroli ha poi anticipato altre attivit\u00e0 gi\u00e0 in programma e un grande evento al quale il Centro sta iniziando a lavorare in prospettiva del 2012: \u201cOltre ad una serie di altre attivit\u00e0, che prevederanno incontri con autori, presentazione di volumi e cicli di formazione per i consigli pastorali parrocchiali, il Centro si far\u00e0 promotore di un grande evento, di rilevanza nazionale, che sar\u00e0 il \u201cFermo Bibbia Festival\u201d, che dovrebbe coinvolgere la citt\u00e0 di Fermo nell\u2019estate 2012\u201d.<\/p>\n<p style=\"text-align: justify;\">\n<p style=\"text-align: justify;\">Sulla rotta segnata dalla \u201cvocazione a provocare\u201d per rispondere all\u2019emergenza educativa, come Mons. Conti ha chiosato richiamandosi a Papa Benedetto XVI, e protesa alla elaborazione di una \u201ccultura delle virt\u00f9\u201d, come Peroli ha accennato in conclusione, anch\u2019egli richiamando le parole del Pontefice, il Centro San Rocco ha mosso il primo passo del proprio cammino.<\/p>\n<p>&nbsp;<\/p>\n<p>&nbsp;<\/p>\n<p>&nbsp;<\/p>\n<p style=\"text-align: right;\">Segreteria<\/p>\n<p style=\"text-align: right;\">\n<p style=\"text-align: right;\">Centro San Rocco<\/p>\n<\/div>\n","protected":false},"excerpt":{"rendered":"<p>NULL<\/p>\n","protected":false},"author":0,"featured_media":0,"comment_status":"closed","ping_status":"closed","sticky":false,"template":"","format":"standard","meta":{"_acf_changed":false,"footnotes":""},"categories":[175,176,177,178],"tags":[],"class_list":["post-8","post","type-post","status-publish","format-standard","hentry","category-altri-siti-istituzionali","category-centro-san-rocco","category-centro-san-rocco-centro-san-rocco","category-chi-siamo"],"acf":[],"_links":{"self":[{"href":"https:\/\/www.fermodiocesi.it\/centrosanrocco\/wp-json\/wp\/v2\/posts\/8","targetHints":{"allow":["GET"]}}],"collection":[{"href":"https:\/\/www.fermodiocesi.it\/centrosanrocco\/wp-json\/wp\/v2\/posts"}],"about":[{"href":"https:\/\/www.fermodiocesi.it\/centrosanrocco\/wp-json\/wp\/v2\/types\/post"}],"author":[{"embeddable":true,"href":"https:\/\/www.fermodiocesi.it\/centrosanrocco\/wp-json\/wp\/v2\/users\/3"}],"replies":[{"embeddable":true,"href":"https:\/\/www.fermodiocesi.it\/centrosanrocco\/wp-json\/wp\/v2\/comments?post=8"}],"version-history":[{"count":1,"href":"https:\/\/www.fermodiocesi.it\/centrosanrocco\/wp-json\/wp\/v2\/posts\/8\/revisions"}],"predecessor-version":[{"id":706,"href":"https:\/\/www.fermodiocesi.it\/centrosanrocco\/wp-json\/wp\/v2\/posts\/8\/revisions\/706"}],"wp:attachment":[{"href":"https:\/\/www.fermodiocesi.it\/centrosanrocco\/wp-json\/wp\/v2\/media?parent=8"}],"wp:term":[{"taxonomy":"category","embeddable":true,"href":"https:\/\/www.fermodiocesi.it\/centrosanrocco\/wp-json\/wp\/v2\/categories?post=8"},{"taxonomy":"post_tag","embeddable":true,"href":"https:\/\/www.fermodiocesi.it\/centrosanrocco\/wp-json\/wp\/v2\/tags?post=8"}],"curies":[{"name":"wp","href":"https:\/\/api.w.org\/{rel}","templated":true}]}}